{"id":154,"date":"2025-08-29T20:42:41","date_gmt":"2025-08-29T20:42:41","guid":{"rendered":"https:\/\/profejorge.com\/?p=154"},"modified":"2025-09-03T05:31:10","modified_gmt":"2025-09-03T05:31:10","slug":"invierno-vivaldi","status":"publish","type":"post","link":"https:\/\/profejorge.com\/index.php\/2025\/08\/29\/invierno-vivaldi\/","title":{"rendered":"Verano &#8211; Vivaldi"},"content":{"rendered":"\r\n<figure class=\"wp-block-embed is-type-rich is-provider-gestor-del-servicio wp-block-embed-gestor-del-servicio wp-embed-aspect-16-9 wp-has-aspect-ratio\"><div class=\"wp-block-embed__wrapper\">\r\n<iframe loading=\"lazy\" title=\"Vivaldi, Summer - @violin_phonix &amp; Lucas Chiche \ud83c\udfb5\ud83c\udfbb #vivaldi #violinphonix #lucaschiche\" width=\"650\" height=\"366\" src=\"https:\/\/www.youtube.com\/embed\/GQWYQuusAmw?feature=oembed\" frameborder=\"0\" allow=\"accelerometer; autoplay; clipboard-write; encrypted-media; gyroscope; picture-in-picture; web-share\" referrerpolicy=\"strict-origin-when-cross-origin\" allowfullscreen><\/iframe>\r\n<\/div><\/figure>\r\n\r\n\r\n\r\n<p>La obra maestra que se escucha en el video se llama \u00abVerano\u00bb. El Verano de Vivaldi es una m\u00fasica que nos hace sentir c\u00f3mo es esa \u00e9poca del a\u00f1o. Al inicio parece que todo est\u00e1 pesado y lento, como cuando el sol pega muy fuerte y uno se siente cansado del calor. Los violines suenan de una forma que nos hace imaginar ese ambiente sofocante donde hasta los animales buscan sombra.<\/p>\r\n<p>De pronto, la m\u00fasica cambia y sentimos como si llegara un poco de aire fresco. Esa parte transmite un descanso, pero tambi\u00e9n nos pone atentos, porque poco a poco se va escuchando que algo grande se acerca, como cuando el cielo se empieza a nublar y sabemos que pronto va a llover.<\/p>\r\n<p>Al final, la lluvia llega con toda su fuerza. Los sonidos son r\u00e1pidos e intensos, como si fueran truenos, rel\u00e1mpagos y lluvia cayendo de golpe. Es incre\u00edble c\u00f3mo, sin palabras, Vivaldi logra que uno se imagine todo lo que pasa en un d\u00eda de verano: desde el calor insoportable hasta la lluvia que llega de repente.<\/p>\r\n\r\n\r\n\r\n<p>&nbsp;<\/p>\r\n","protected":false},"excerpt":{"rendered":"<p>La obra maestra que se escucha en el video se llama \u00abVerano\u00bb. El Verano de Vivaldi es una m\u00fasica que nos hace sentir c\u00f3mo es esa \u00e9poca del a\u00f1o. Al inicio parece que todo est\u00e1 pesado y lento, como cuando el sol pega muy fuerte y uno se siente cansado del calor. Los violines suenan&#8230;<\/p>\n<p class=\"more-link-wrap\"><a href=\"https:\/\/profejorge.com\/index.php\/2025\/08\/29\/invierno-vivaldi\/\" class=\"more-link\">Leer m\u00e1s<span class=\"screen-reader-text\"> &ldquo;Verano &#8211; Vivaldi&rdquo;<\/span> &raquo;<\/a><\/p>\n","protected":false},"author":2,"featured_media":0,"comment_status":"open","ping_status":"closed","sticky":false,"template":"","format":"standard","meta":{"footnotes":""},"categories":[8],"tags":[],"class_list":["post-154","post","type-post","status-publish","format-standard","hentry","category-vida-y-salud"],"_links":{"self":[{"href":"https:\/\/profejorge.com\/index.php\/wp-json\/wp\/v2\/posts\/154","targetHints":{"allow":["GET"]}}],"collection":[{"href":"https:\/\/profejorge.com\/index.php\/wp-json\/wp\/v2\/posts"}],"about":[{"href":"https:\/\/profejorge.com\/index.php\/wp-json\/wp\/v2\/types\/post"}],"author":[{"embeddable":true,"href":"https:\/\/profejorge.com\/index.php\/wp-json\/wp\/v2\/users\/2"}],"replies":[{"embeddable":true,"href":"https:\/\/profejorge.com\/index.php\/wp-json\/wp\/v2\/comments?post=154"}],"version-history":[{"count":12,"href":"https:\/\/profejorge.com\/index.php\/wp-json\/wp\/v2\/posts\/154\/revisions"}],"predecessor-version":[{"id":177,"href":"https:\/\/profejorge.com\/index.php\/wp-json\/wp\/v2\/posts\/154\/revisions\/177"}],"wp:attachment":[{"href":"https:\/\/profejorge.com\/index.php\/wp-json\/wp\/v2\/media?parent=154"}],"wp:term":[{"taxonomy":"category","embeddable":true,"href":"https:\/\/profejorge.com\/index.php\/wp-json\/wp\/v2\/categories?post=154"},{"taxonomy":"post_tag","embeddable":true,"href":"https:\/\/profejorge.com\/index.php\/wp-json\/wp\/v2\/tags?post=154"}],"curies":[{"name":"wp","href":"https:\/\/api.w.org\/{rel}","templated":true}]}}